{"id":159188,"date":"2023-12-09T22:00:47","date_gmt":"2023-12-09T22:00:47","guid":{"rendered":"https:\/\/claudiaruiz.com\/?p=159188"},"modified":"2025-03-09T21:11:21","modified_gmt":"2025-03-09T21:11:21","slug":"cerebraciones","status":"publish","type":"post","link":"https:\/\/claudiaruiz.com\/?p=159188","title":{"rendered":"Cerebraciones"},"content":{"rendered":"\n<p>Desde 1984, a trav\u00e9s de mi obra pict\u00f3rica he explorado la compleja condici\u00f3n humana, inmersa en atm\u00f3sferas donde la m\u00fasica, la violencia, la espiritualidad, la naturaleza y el misterio constituyen parte de su esencia. He plasmado la soledad, el dolor, el desamparo, la tristeza, la rabia y la introspecci\u00f3n que, como hilos invisibles, tejen la vida y moldean al ser humano en su b\u00fasqueda por entenderse y trascenderse.<\/p>\n\n\n\n<p><\/p>\n\n\n\n<figure class=\"wp-block-gallery has-nested-images columns-default is-cropped wp-block-gallery-1 is-layout-flex wp-block-gallery-is-layout-flex\">\n<figure class=\"wp-block-image size-full\"><a href=\"https:\/\/claudiaruiz.com\/wp-content\/uploads\/Organic.jpg\"><img loading=\"lazy\" decoding=\"async\" width=\"924\" height=\"924\" data-id=\"159533\" src=\"https:\/\/claudiaruiz.com\/wp-content\/uploads\/Organic.jpg\" alt=\"\" class=\"wp-image-159533\" srcset=\"https:\/\/claudiaruiz.com\/wp-content\/uploads\/Organic.jpg 924w, https:\/\/claudiaruiz.com\/wp-content\/uploads\/Organic-300x300.jpg 300w, https:\/\/claudiaruiz.com\/wp-content\/uploads\/Organic-150x150.jpg 150w, https:\/\/claudiaruiz.com\/wp-content\/uploads\/Organic-768x768.jpg 768w\" sizes=\"(max-width: 924px) 100vw, 924px\" \/><\/a><\/figure>\n\n\n\n<figure class=\"wp-block-image size-full\"><a href=\"https:\/\/claudiaruiz.com\/wp-content\/uploads\/Pensamiento.jpg\"><img loading=\"lazy\" decoding=\"async\" width=\"924\" height=\"924\" data-id=\"159532\" src=\"https:\/\/claudiaruiz.com\/wp-content\/uploads\/Pensamiento.jpg\" alt=\"\" class=\"wp-image-159532\" srcset=\"https:\/\/claudiaruiz.com\/wp-content\/uploads\/Pensamiento.jpg 924w, https:\/\/claudiaruiz.com\/wp-content\/uploads\/Pensamiento-300x300.jpg 300w, https:\/\/claudiaruiz.com\/wp-content\/uploads\/Pensamiento-150x150.jpg 150w, https:\/\/claudiaruiz.com\/wp-content\/uploads\/Pensamiento-768x768.jpg 768w\" sizes=\"(max-width: 924px) 100vw, 924px\" \/><\/a><\/figure>\n\n\n\n<figure class=\"wp-block-image size-large\"><a href=\"https:\/\/claudiaruiz.com\/wp-content\/uploads\/cerebraciones6.jpg\"><img loading=\"lazy\" decoding=\"async\" width=\"924\" height=\"924\" data-id=\"159190\" src=\"https:\/\/claudiaruiz.com\/wp-content\/uploads\/cerebraciones6.jpg\" alt=\"\" class=\"wp-image-159190\" srcset=\"https:\/\/claudiaruiz.com\/wp-content\/uploads\/cerebraciones6.jpg 924w, https:\/\/claudiaruiz.com\/wp-content\/uploads\/cerebraciones6-300x300.jpg 300w, https:\/\/claudiaruiz.com\/wp-content\/uploads\/cerebraciones6-150x150.jpg 150w, https:\/\/claudiaruiz.com\/wp-content\/uploads\/cerebraciones6-768x768.jpg 768w\" sizes=\"(max-width: 924px) 100vw, 924px\" \/><\/a><\/figure>\n<\/figure>\n\n\n\n<figure class=\"wp-block-image size-large\"><a href=\"https:\/\/claudiaruiz.com\/wp-content\/uploads\/Improvisacion-Opus-N0-3.jpg\"><img loading=\"lazy\" decoding=\"async\" width=\"1024\" height=\"466\" src=\"https:\/\/claudiaruiz.com\/wp-content\/uploads\/Improvisacion-Opus-N0-3-1024x466.jpg\" alt=\"\" class=\"wp-image-159534\" srcset=\"https:\/\/claudiaruiz.com\/wp-content\/uploads\/Improvisacion-Opus-N0-3-1024x466.jpg 1024w, https:\/\/claudiaruiz.com\/wp-content\/uploads\/Improvisacion-Opus-N0-3-300x136.jpg 300w, https:\/\/claudiaruiz.com\/wp-content\/uploads\/Improvisacion-Opus-N0-3-768x349.jpg 768w, https:\/\/claudiaruiz.com\/wp-content\/uploads\/Improvisacion-Opus-N0-3-1200x546.jpg 1200w, https:\/\/claudiaruiz.com\/wp-content\/uploads\/Improvisacion-Opus-N0-3.jpg 1392w\" sizes=\"(max-width: 1024px) 100vw, 1024px\" \/><\/a><\/figure>\n\n\n\n<p>A partir de 2010, tras la creaci\u00f3n de Bio-lencia, mi obra se centra en la b\u00fasqueda de la armon\u00eda, entendida no solo como ideal est\u00e9tico sino como resultado de la convergencia entre la raz\u00f3n y la emoci\u00f3n, orientada hacia la integraci\u00f3n del ser humano con la naturaleza, con el fin de alcanzar una percepci\u00f3n m\u00e1s profunda de su propia existencia. En esta nueva etapa, mis obras buscan expresar el equilibrio entre estructura y sensibilidad, l\u00f3gica y sentimiento, conciencia e intuici\u00f3n, las estructuras precisas y las formas org\u00e1nicas estableciendo un di\u00e1logo profundo entre la humanidad y la naturaleza.<\/p>\n\n\n\n<p>La raz\u00f3n, nos permite interpretar y ordenar el mundo, estableciendo puentes de comprensi\u00f3n con nuestro entorno. La emoci\u00f3n, en cambio, nos conecta con la esencia vital, permiti\u00e9ndonos experimentar lo que nos rodea. &nbsp;En la s\u00edntesis de ambas fuerzas radica la posibilidad de trascender las divisiones que fragmentan la experiencia humana.<\/p>\n\n\n\n<p>Cerebrar y Celebrar la vida, es un camino posible para comprenderla, conectarnos con ella y reconocernos como parte indivisible del tejido natural, como una expresi\u00f3n m\u00e1s del equilibrio din\u00e1mico del universo.<\/p>\n","protected":false},"excerpt":{"rendered":"<p>Desde 1984, a trav\u00e9s de mi obra pict\u00f3rica he explorado la compleja condici\u00f3n humana, inmersa en atm\u00f3sferas donde la m\u00fasica, la violencia, la espiritualidad, la naturaleza y el misterio constituyen parte de su esencia. He plasmado la soledad, el dolor, el desamparo, la tristeza, la rabia y la introspecci\u00f3n que, como hilos invisibles, tejen la [&hellip;]<\/p>\n","protected":false},"author":4,"featured_media":0,"comment_status":"open","ping_status":"open","sticky":false,"template":"","format":"standard","meta":{"footnotes":""},"categories":[39],"tags":[],"class_list":["post-159188","post","type-post","status-publish","format-standard","hentry","category-pinturas"],"_links":{"self":[{"href":"https:\/\/claudiaruiz.com\/index.php?rest_route=\/wp\/v2\/posts\/159188"}],"collection":[{"href":"https:\/\/claudiaruiz.com\/index.php?rest_route=\/wp\/v2\/posts"}],"about":[{"href":"https:\/\/claudiaruiz.com\/index.php?rest_route=\/wp\/v2\/types\/post"}],"author":[{"embeddable":true,"href":"https:\/\/claudiaruiz.com\/index.php?rest_route=\/wp\/v2\/users\/4"}],"replies":[{"embeddable":true,"href":"https:\/\/claudiaruiz.com\/index.php?rest_route=%2Fwp%2Fv2%2Fcomments&post=159188"}],"version-history":[{"count":6,"href":"https:\/\/claudiaruiz.com\/index.php?rest_route=\/wp\/v2\/posts\/159188\/revisions"}],"predecessor-version":[{"id":163635,"href":"https:\/\/claudiaruiz.com\/index.php?rest_route=\/wp\/v2\/posts\/159188\/revisions\/163635"}],"wp:attachment":[{"href":"https:\/\/claudiaruiz.com\/index.php?rest_route=%2Fwp%2Fv2%2Fmedia&parent=159188"}],"wp:term":[{"taxonomy":"category","embeddable":true,"href":"https:\/\/claudiaruiz.com\/index.php?rest_route=%2Fwp%2Fv2%2Fcategories&post=159188"},{"taxonomy":"post_tag","embeddable":true,"href":"https:\/\/claudiaruiz.com\/index.php?rest_route=%2Fwp%2Fv2%2Ftags&post=159188"}],"curies":[{"name":"wp","href":"https:\/\/api.w.org\/{rel}","templated":true}]}}