{"id":3240,"date":"2014-11-08T01:23:05","date_gmt":"2014-11-08T01:23:05","guid":{"rendered":"https:\/\/claudiaruiz.com\/?p=3240"},"modified":"2014-11-08T01:42:34","modified_gmt":"2014-11-08T01:42:34","slug":"el-general-en-su-laberinto-paginas-262-y-263","status":"publish","type":"post","link":"https:\/\/claudiaruiz.com\/?p=3240","title":{"rendered":"El General en su Laberinto P\u00e1ginas 262 y 263"},"content":{"rendered":"<p><b>\u201cEl General en su Laberinto P\u00e1ginas 262 y 263 \u201c\u00a0<\/b>1.30 x 0.90 Mts. \u00a0&#8211; 1.999<\/p>\n<p>Fue ella quien cubri\u00f3 de flores el camino y dirigi\u00f3 los cantos cuando el cura de la vecina aldea de Mamatoco apareci\u00f3 con el vi\u00e1tico a la prima noche del mi\u00e9rcoles. Lo preced\u00eda una doble fila de indias descalzas con balandranes de lienzo crudo y coronas de astromelias, que le alumbraban el camino con candiles de aceite y cantaban plegarias f\u00fanebres en su lengua. Atravesaron el sendero que Fernanda iba tapizando con p\u00e9talos delante de ellos, y fue un instante tan estremecedor, que nadie se atrevi\u00f3 a detenerlos. El general se incorpor\u00f3 en la cama cuando los sinti\u00f3 entrar en la alcoba, se cubri\u00f3 los ojos con el brazo para no encandilarse, y los hizo salir con un grito:<br \/>\n\u201cLl\u00e9vense esas luminarias, que esto parece una procesi\u00f3n de \u00e1nimas\u201d.<\/p>\n","protected":false},"excerpt":{"rendered":"<p> Lo preced\u00eda una doble fila de indias descalzas con balandranes de lienzo crudo<\/p>\n","protected":false},"author":4,"featured_media":3214,"comment_status":"open","ping_status":"open","sticky":false,"template":"","format":"standard","meta":{"footnotes":""},"categories":[1],"tags":[],"class_list":["post-3240","post","type-post","status-publish","format-standard","has-post-thumbnail","hentry","category-g-marquez"],"_links":{"self":[{"href":"https:\/\/claudiaruiz.com\/index.php?rest_route=\/wp\/v2\/posts\/3240"}],"collection":[{"href":"https:\/\/claudiaruiz.com\/index.php?rest_route=\/wp\/v2\/posts"}],"about":[{"href":"https:\/\/claudiaruiz.com\/index.php?rest_route=\/wp\/v2\/types\/post"}],"author":[{"embeddable":true,"href":"https:\/\/claudiaruiz.com\/index.php?rest_route=\/wp\/v2\/users\/4"}],"replies":[{"embeddable":true,"href":"https:\/\/claudiaruiz.com\/index.php?rest_route=%2Fwp%2Fv2%2Fcomments&post=3240"}],"version-history":[{"count":2,"href":"https:\/\/claudiaruiz.com\/index.php?rest_route=\/wp\/v2\/posts\/3240\/revisions"}],"predecessor-version":[{"id":3253,"href":"https:\/\/claudiaruiz.com\/index.php?rest_route=\/wp\/v2\/posts\/3240\/revisions\/3253"}],"wp:featuredmedia":[{"embeddable":true,"href":"https:\/\/claudiaruiz.com\/index.php?rest_route=\/wp\/v2\/media\/3214"}],"wp:attachment":[{"href":"https:\/\/claudiaruiz.com\/index.php?rest_route=%2Fwp%2Fv2%2Fmedia&parent=3240"}],"wp:term":[{"taxonomy":"category","embeddable":true,"href":"https:\/\/claudiaruiz.com\/index.php?rest_route=%2Fwp%2Fv2%2Fcategories&post=3240"},{"taxonomy":"post_tag","embeddable":true,"href":"https:\/\/claudiaruiz.com\/index.php?rest_route=%2Fwp%2Fv2%2Ftags&post=3240"}],"curies":[{"name":"wp","href":"https:\/\/api.w.org\/{rel}","templated":true}]}}