{"id":3295,"date":"2014-11-18T22:06:03","date_gmt":"2014-11-18T22:06:03","guid":{"rendered":"https:\/\/claudiaruiz.com\/?p=3295"},"modified":"2024-01-21T16:30:49","modified_gmt":"2024-01-21T16:30:49","slug":"circulo-de-la-muerte","status":"publish","type":"post","link":"https:\/\/claudiaruiz.com\/?p=3295","title":{"rendered":""},"content":{"rendered":"\n<p>En 1.998 cuando inici\u00e9 la serie sobre la m\u00fasica en la obra de Garc\u00eda M\u00e1rquez y descubr\u00ed la atm\u00f3sfera de violencia que enmarca sus historias justo en un momento en el que atraves\u00e1bamos uno de los picos m\u00e1s altos de violencia y horror que me haya tocado vivir decid\u00ed dar una mirada a este tema que se concret\u00f3 en mi obra Bio-lencia que comenz\u00f3 con una pintura sobre la muerte y esta pintura me llev\u00f3 a otra y esa a otra y as\u00ed sucesivamente, crec\u00eda y crec\u00eda, casi que se reproduc\u00eda como la violencia misma.<\/p>\n\n\n\n<p><strong>Primer elemento de Bio-lencia \u2013 El c\u00edrculo de La Muerte\u2013 El centro de la obra<\/strong>. ( 4 mts. de di\u00e1metro)<\/p>\n\n\n\n<figure class=\"wp-block-gallery has-nested-images columns-default is-cropped wp-block-gallery-1 is-layout-flex wp-block-gallery-is-layout-flex\">\n<figure class=\"wp-block-image size-large\"><a href=\"https:\/\/claudiaruiz.com\/wp-content\/uploads\/Circulo-de-la-muerte.jpg\"><img loading=\"lazy\" decoding=\"async\" width=\"978\" height=\"740\" data-id=\"3296\" src=\"https:\/\/claudiaruiz.com\/wp-content\/uploads\/Circulo-de-la-muerte.jpg\" alt=\"\" class=\"wp-image-3296\" srcset=\"https:\/\/claudiaruiz.com\/wp-content\/uploads\/Circulo-de-la-muerte.jpg 978w, https:\/\/claudiaruiz.com\/wp-content\/uploads\/Circulo-de-la-muerte-300x226.jpg 300w\" sizes=\"(max-width: 978px) 100vw, 978px\" \/><\/a><\/figure>\n\n\n\n<figure class=\"wp-block-image size-large\"><a href=\"https:\/\/claudiaruiz.com\/wp-content\/uploads\/Circulo-de-la-muerte-detalle-2.jpg\"><img loading=\"lazy\" decoding=\"async\" width=\"987\" height=\"740\" data-id=\"3299\" src=\"https:\/\/claudiaruiz.com\/wp-content\/uploads\/Circulo-de-la-muerte-detalle-2.jpg\" alt=\"\" class=\"wp-image-3299\" srcset=\"https:\/\/claudiaruiz.com\/wp-content\/uploads\/Circulo-de-la-muerte-detalle-2.jpg 987w, https:\/\/claudiaruiz.com\/wp-content\/uploads\/Circulo-de-la-muerte-detalle-2-300x224.jpg 300w\" sizes=\"(max-width: 987px) 100vw, 987px\" \/><\/a><\/figure>\n\n\n\n<figure class=\"wp-block-image size-large\"><a href=\"https:\/\/claudiaruiz.com\/wp-content\/uploads\/Circulo-de-la-muerte-detalle-.jpg\"><img loading=\"lazy\" decoding=\"async\" width=\"987\" height=\"740\" data-id=\"3300\" src=\"https:\/\/claudiaruiz.com\/wp-content\/uploads\/Circulo-de-la-muerte-detalle-.jpg\" alt=\"\" class=\"wp-image-3300\" srcset=\"https:\/\/claudiaruiz.com\/wp-content\/uploads\/Circulo-de-la-muerte-detalle-.jpg 987w, https:\/\/claudiaruiz.com\/wp-content\/uploads\/Circulo-de-la-muerte-detalle--300x224.jpg 300w\" sizes=\"(max-width: 987px) 100vw, 987px\" \/><\/a><\/figure>\n<\/figure>\n\n\n\n<p>\u00bfCu\u00e1ndo y por qu\u00e9 empez\u00f3 esa violencia que se convirti\u00f3 en un modo de accionar de nuestra sociedad?,\u00bfQu\u00e9 es la vida? \u00bfQu\u00e9 es la muerte? Estas y otras preguntas me llevaron a investigar sobre estos temas desde diferentes perspectivas, disciplinas y actores y mientras investigaba, se fue afianzando en m\u00ed la forma del c\u00edrculo porque nuestra historia violenta no tiene principio ni fin; la violencia ha sido tan c\u00edclica como la vida misma.<\/p>\n\n\n\n<p>En ese c\u00edrculo, s\u00edmbolo de la psique, unidos por esa muerte que no nos deja escapar, los cuerpos muertos, atados, maniatados y violentados, de beb\u00e9s, ni\u00f1os y adultos, de mujeres embarazadas, cuerpos sin identificar, cuerpos borrados, cuerpos en una org\u00eda de la muerte, cuerpos y m\u00e1s cuerpos donde se hace tangible la experiencia del sufrimiento y del dolor.<\/p>\n\n\n\n<p><\/p>\n","protected":false},"excerpt":{"rendered":"<p>Primer elemento de Bio-lencia \u2013 El c\u00edrculo de La Muerte\u2013 <\/p>\n","protected":false},"author":4,"featured_media":3296,"comment_status":"open","ping_status":"open","sticky":false,"template":"","format":"standard","meta":{"footnotes":""},"categories":[37],"tags":[],"class_list":["post-3295","post","type-post","status-publish","format-standard","has-post-thumbnail","hentry","category-bio-lencias"],"_links":{"self":[{"href":"https:\/\/claudiaruiz.com\/index.php?rest_route=\/wp\/v2\/posts\/3295"}],"collection":[{"href":"https:\/\/claudiaruiz.com\/index.php?rest_route=\/wp\/v2\/posts"}],"about":[{"href":"https:\/\/claudiaruiz.com\/index.php?rest_route=\/wp\/v2\/types\/post"}],"author":[{"embeddable":true,"href":"https:\/\/claudiaruiz.com\/index.php?rest_route=\/wp\/v2\/users\/4"}],"replies":[{"embeddable":true,"href":"https:\/\/claudiaruiz.com\/index.php?rest_route=%2Fwp%2Fv2%2Fcomments&post=3295"}],"version-history":[{"count":7,"href":"https:\/\/claudiaruiz.com\/index.php?rest_route=\/wp\/v2\/posts\/3295\/revisions"}],"predecessor-version":[{"id":163506,"href":"https:\/\/claudiaruiz.com\/index.php?rest_route=\/wp\/v2\/posts\/3295\/revisions\/163506"}],"wp:featuredmedia":[{"embeddable":true,"href":"https:\/\/claudiaruiz.com\/index.php?rest_route=\/wp\/v2\/media\/3296"}],"wp:attachment":[{"href":"https:\/\/claudiaruiz.com\/index.php?rest_route=%2Fwp%2Fv2%2Fmedia&parent=3295"}],"wp:term":[{"taxonomy":"category","embeddable":true,"href":"https:\/\/claudiaruiz.com\/index.php?rest_route=%2Fwp%2Fv2%2Fcategories&post=3295"},{"taxonomy":"post_tag","embeddable":true,"href":"https:\/\/claudiaruiz.com\/index.php?rest_route=%2Fwp%2Fv2%2Ftags&post=3295"}],"curies":[{"name":"wp","href":"https:\/\/api.w.org\/{rel}","templated":true}]}}