{"id":3306,"date":"2014-11-18T20:17:36","date_gmt":"2014-11-18T20:17:36","guid":{"rendered":"https:\/\/claudiaruiz.com\/?p=3306"},"modified":"2014-11-20T22:09:47","modified_gmt":"2014-11-20T22:09:47","slug":"3306","status":"publish","type":"post","link":"https:\/\/claudiaruiz.com\/?p=3306","title":{"rendered":"V\u00edctima &#8211; Victimario"},"content":{"rendered":"<p><strong>Tercer elemento de Bio-lencia \u2013 V\u00edctima y Victimario <\/strong> Descubr\u00ed que muchos victimarios lo eran como respuesta a su condici\u00f3n de v\u00edctimas porque le mataron a su padre, a su madre, a su hijo, a su hermano, a alg\u00fan ser querido, porque le robaron los bienes, porque los agred\u00edan f\u00edsica y sicol\u00f3gicamente, porque eran degradados a diario, porque fueron abandonados, sometidos y reprimidos, porque los enga\u00f1aron, los obligaron, los manipularon, porque nunca tuvieron oportunidades, por ignorancia, por pobreza, por ser indeseados, rechazados, estigmatizados, segregados, V\u00edctimas de su familia, del vecindario, el estado, la corrupci\u00f3n, la religi\u00f3n, v\u00edctimas de un modelo sociocultural, V\u00edctimas por el simple hecho de haber nacido en este pa\u00eds y si bien esto no justifica sus acciones al menos explica en parte el por qu\u00e9 de su comportamiento. Pero tambi\u00e9n hab\u00eda victimarios que pasaban a ser v\u00edctimas de sus v\u00edctimas en ese c\u00edrculo de la violencia, \u00bfQu\u00e9 fue primero? La V\u00edctima o el victimario?\u00a0 Ese girar constante de pasar de victima a victimario, de victimario a v\u00edctima es algo que se universaliza en todos los tipos de violencia, porque todos ejercemos la violencia, porque la violencia est\u00e1 arraigada en nuestro diario vivir todos formamos parte de Bio-lencia.<\/p>\n<p>\u00bfPero tambi\u00e9n, cabe preguntarse, qui\u00e9nes eran sus v\u00edctimas m\u00e1s all\u00e1 de una cifra, o de ciertas estad\u00edsticas?\u00a0 Eran personas de todas las clases sociales, razas y sexos, personas conocidas y desconocidas, queridas u odiadas, lo que me hizo entender que v\u00edctimas pod\u00edamos ser todos, y lo que es peor a\u00fan que todos \u00e9ramos, v\u00edctimas y victimarios por acci\u00f3n u omisi\u00f3n, porque acaso todos nosotros no hemos sido en mayor o menor medida, v\u00edctimas y victimarios de muchas formas de violencia? Acaso no pasamos f\u00e1cilmente de un estado al otro?\u00bfAcaso no ejercemos tambi\u00e9n la violencia? \u00bfC\u00f3mo es la vida de aquellos que sobreviv\u00edan el horror de las desapariciones forzadas, torturas que no quiero detallar pero que son bien conocidas, historias como salidas de la peor pesadilla, homicidios selectivos, detenciones arbitrarias y masacres de car\u00e1cter generalizado y sistem\u00e1tico? \u00bfPersonas y poblaciones enteras sometidas al ejercicio del terror o la intimidaci\u00f3n permanente? C\u00f3mo puede un ser humano causar ese da\u00f1o y c\u00f3mo puede un ser humano seguir viviendo con esto en su conciencia? \u00bfC\u00f3mo es la vida de los miles de ni\u00f1os reclutados y sometidos a la guerra? \u00bfNi\u00f1os v\u00edctimas obligados a matar y torturar, obligados a convertirse en victimarios? \u00bfNi\u00f1as sometidas a violaciones y prostituci\u00f3n? \u00bfC\u00f3mo es la vida de los miles de lesionados f\u00edsicos y sicol\u00f3gicos por solo mencionar unos pocos?.<\/p>\n<p>\u201cA\u00a0 m\u00ed de las guerras no me preocupa el n\u00famero de muertos, lo que me preocupa es la enorme cantidad de vivos que quedan para contarla\u201d pone en boca de uno de sus personajes Alejo Carpentier en su novela La Consagraci\u00f3n de la Primavera<\/p>\n","protected":false},"excerpt":{"rendered":"<p>Tercer elemento de Bio-lencia \u2013 V\u00edctima y Victimario <\/p>\n","protected":false},"author":4,"featured_media":3310,"comment_status":"open","ping_status":"open","sticky":false,"template":"","format":"standard","meta":{"footnotes":""},"categories":[37],"tags":[],"class_list":["post-3306","post","type-post","status-publish","format-standard","has-post-thumbnail","hentry","category-bio-lencias"],"_links":{"self":[{"href":"https:\/\/claudiaruiz.com\/index.php?rest_route=\/wp\/v2\/posts\/3306"}],"collection":[{"href":"https:\/\/claudiaruiz.com\/index.php?rest_route=\/wp\/v2\/posts"}],"about":[{"href":"https:\/\/claudiaruiz.com\/index.php?rest_route=\/wp\/v2\/types\/post"}],"author":[{"embeddable":true,"href":"https:\/\/claudiaruiz.com\/index.php?rest_route=\/wp\/v2\/users\/4"}],"replies":[{"embeddable":true,"href":"https:\/\/claudiaruiz.com\/index.php?rest_route=%2Fwp%2Fv2%2Fcomments&post=3306"}],"version-history":[{"count":9,"href":"https:\/\/claudiaruiz.com\/index.php?rest_route=\/wp\/v2\/posts\/3306\/revisions"}],"predecessor-version":[{"id":3337,"href":"https:\/\/claudiaruiz.com\/index.php?rest_route=\/wp\/v2\/posts\/3306\/revisions\/3337"}],"wp:featuredmedia":[{"embeddable":true,"href":"https:\/\/claudiaruiz.com\/index.php?rest_route=\/wp\/v2\/media\/3310"}],"wp:attachment":[{"href":"https:\/\/claudiaruiz.com\/index.php?rest_route=%2Fwp%2Fv2%2Fmedia&parent=3306"}],"wp:term":[{"taxonomy":"category","embeddable":true,"href":"https:\/\/claudiaruiz.com\/index.php?rest_route=%2Fwp%2Fv2%2Fcategories&post=3306"},{"taxonomy":"post_tag","embeddable":true,"href":"https:\/\/claudiaruiz.com\/index.php?rest_route=%2Fwp%2Fv2%2Ftags&post=3306"}],"curies":[{"name":"wp","href":"https:\/\/api.w.org\/{rel}","templated":true}]}}