{"id":3320,"date":"2014-11-17T21:46:04","date_gmt":"2014-11-17T21:46:04","guid":{"rendered":"https:\/\/claudiaruiz.com\/?p=3320"},"modified":"2014-11-20T22:10:35","modified_gmt":"2014-11-20T22:10:35","slug":"gritos","status":"publish","type":"post","link":"https:\/\/claudiaruiz.com\/?p=3320","title":{"rendered":"Gritos"},"content":{"rendered":"<p><strong>Cuarto elemento de Bio-lencia \u2013 Los gritos \u2013 \u00a0expresi\u00f3n<\/strong><\/p>\n<p>Las l\u00edneas de vida que salen del c\u00edrculo de la muerte hacia los 4 puntos cardinales conectan con una pintura grito que es un autorretrato porque \u00bfc\u00f3mo podemos estar callados ante todo esto? \u00bfC\u00f3mo podemos ser insensibles a esa realidad de las v\u00edctimas y todo ese horror de la guerra?<\/p>\n<p>El grito aparece aqu\u00ed no solo como primera manifestaci\u00f3n de vida, sino como oposici\u00f3n al silencio al que estamos sometidos o el silencio y olvido que ejercemos sistem\u00e1ticamente. Y fue a partir de este grito donde comenc\u00e9 a cambiar las preguntas. No solo \u00bfpor qu\u00e9 grito? Cuya respuesta es evidente, sino para qu\u00e9 grito? Los artistas usualmente nos quedamos en el grito\u2026 nos quedamos en ese generar emociones y reflexiones las m\u00e1s de las veces pasajeras.<\/p>\n<p>\u201cNo, no era posible calcular la hondura del silencio que produjo aquel grito. Como si la tierra se hubiera vaciado de su aire. Ning\u00fan sonido; ni el del resuello, ni el del latir del coraz\u00f3n; como si se detuviera el mismo ruido de la conciencia.\u201d Escribe Juan Rulfo en Pedro P\u00e1ramo.<\/p>\n","protected":false},"excerpt":{"rendered":"<p>Cuarto elemento de Bio-lencia \u2013 Los gritos \u2013  expresi\u00f3n<\/p>\n","protected":false},"author":4,"featured_media":3321,"comment_status":"open","ping_status":"open","sticky":false,"template":"","format":"standard","meta":{"footnotes":""},"categories":[37],"tags":[],"class_list":["post-3320","post","type-post","status-publish","format-standard","has-post-thumbnail","hentry","category-bio-lencias"],"_links":{"self":[{"href":"https:\/\/claudiaruiz.com\/index.php?rest_route=\/wp\/v2\/posts\/3320"}],"collection":[{"href":"https:\/\/claudiaruiz.com\/index.php?rest_route=\/wp\/v2\/posts"}],"about":[{"href":"https:\/\/claudiaruiz.com\/index.php?rest_route=\/wp\/v2\/types\/post"}],"author":[{"embeddable":true,"href":"https:\/\/claudiaruiz.com\/index.php?rest_route=\/wp\/v2\/users\/4"}],"replies":[{"embeddable":true,"href":"https:\/\/claudiaruiz.com\/index.php?rest_route=%2Fwp%2Fv2%2Fcomments&post=3320"}],"version-history":[{"count":3,"href":"https:\/\/claudiaruiz.com\/index.php?rest_route=\/wp\/v2\/posts\/3320\/revisions"}],"predecessor-version":[{"id":3338,"href":"https:\/\/claudiaruiz.com\/index.php?rest_route=\/wp\/v2\/posts\/3320\/revisions\/3338"}],"wp:featuredmedia":[{"embeddable":true,"href":"https:\/\/claudiaruiz.com\/index.php?rest_route=\/wp\/v2\/media\/3321"}],"wp:attachment":[{"href":"https:\/\/claudiaruiz.com\/index.php?rest_route=%2Fwp%2Fv2%2Fmedia&parent=3320"}],"wp:term":[{"taxonomy":"category","embeddable":true,"href":"https:\/\/claudiaruiz.com\/index.php?rest_route=%2Fwp%2Fv2%2Fcategories&post=3320"},{"taxonomy":"post_tag","embeddable":true,"href":"https:\/\/claudiaruiz.com\/index.php?rest_route=%2Fwp%2Fv2%2Ftags&post=3320"}],"curies":[{"name":"wp","href":"https:\/\/api.w.org\/{rel}","templated":true}]}}