{"id":3330,"date":"2014-11-15T22:01:37","date_gmt":"2014-11-15T22:01:37","guid":{"rendered":"https:\/\/claudiaruiz.com\/?p=3330"},"modified":"2014-11-20T22:12:04","modified_gmt":"2014-11-20T22:12:04","slug":"violencias","status":"publish","type":"post","link":"https:\/\/claudiaruiz.com\/?p=3330","title":{"rendered":"Violencias"},"content":{"rendered":"<p><strong>Sexto elemento de Bio-lencia \u2013 Violencias\u00a0 &#8211; Tomograf\u00eda<\/strong><\/p>\n<p>Escultura de una mujer embarazada que encarna en s\u00ed misma la Violencia en actitud triunfal y plena muy a diferencia de la pintura Violencia de 1.962 de Alejandro Obreg\u00f3n, un cuadro emblem\u00e1tico en la pintura nacional en la que el gran maestro se concentra en destacar el horror de la violencia enfrent\u00e1ndonos al drama de una mujer embarazada, acuchillada, tendida y muerta. El planteamiento en mi escultura es que la Violencia est\u00e1 para quedarse por mucho tiempo porque a pesar de las d\u00e9cadas que han pasado, de los cambios de gobierno, las frias estad\u00edsticas, la forma en que se manifiesta el conflicto, los factores generadores, actores y avances tecnol\u00f3gicos, lo cierto es que, su arraigo sociocultural , su poder, dimensi\u00f3n y esencia destructora permanecen iguales, inalterables. \u00a0\u00a0Comenc\u00e9 a ver la Violencia como un organismo vivo en el que todo est\u00e1 interrelacionado.<\/p>\n<p>Pero\u00a0 \u00bfSomos conscientes de esto?\u00a0\u00a0\u00a0 \u00bfSomos acaso conscientes de las muy variadas formas de violencia y sus efectos?\u00a0 \u00bf Somos conscientes que no solo las agresiones f\u00edsicas, sino las humillaciones, amenazas, burlas, ofensas, rechazos, calumnias, los insultos, chismes, la discriminaci\u00f3n, homofobia, exclusi\u00f3n, intolerancia, ridiculizaci\u00f3n, el racismo y sectarismo son tambi\u00e9n manifestaciones de violencia? \u00a0\u00a0\u00bfsomos conscientes que todas las formas de violencia generan en las v\u00edctimas miedo, desconfianza, inseguridad, tristeza, ansiedad, desesperanza, rabia, odio, rencor, fracaso, impotencia y dolor,\u00a0 que a su vez afectan las relaciones sociales interpersonales y grupales?\u00bfSomos conscientes que la violencia genera m\u00e1s violencia?\u00a0\u00a0\u00a0\u00a0\u00a0 \u00bfSomos conscientes de la violencia que generan las mafias y la corrupci\u00f3n donde la plata lo es todo y por eso todo vale?\u00a0 \u00a0\u00a0\u00bfSomos conscientes de que la guerra es un negocio?\u00a0 \u00bfSomos conscientes de las muy variadas formas de autodestrucci\u00f3n incluyendo todo tipo de adicciones t\u00f3xicas y no t\u00f3xicas y el suicidio?\u00a0 \u00bfSomos conscientes de que estamos mediados por una cultura apasionada y violenta?<\/p>\n<p>\u00bfSomos conscientes que los modelos de vida que construyen y venden algunos medios de comunicaci\u00f3n, generan deseos y frustraci\u00f3n que a su vez generan violencia? \u00a0\u00a0Y para terminar \u00bfSab\u00edan ustedes que del 100% de la violencia del pa\u00eds, se calcula que el 80% es por violencia intrafamiliar?.<\/p>\n<p>Inevitable vernos reflejados en esta tomograf\u00eda de las Violencias en la que todos somos parte de este organismo vivo que he dado en llamar Bio-lencia.<\/p>\n<p>\u00bfQu\u00e9 hacer con esa realidad? \u00bfQu\u00e9 papel estamos jugando m\u00e1s all\u00e1 del imaginario de un pa\u00eds diferente? \u00bfQu\u00e9 estoy haciendo yo? Pas\u00e9 de la sensibilidad y expresi\u00f3n a la acci\u00f3n.<\/p>\n","protected":false},"excerpt":{"rendered":"<p>Sexto elemento de Bio-lencia \u2013 Violencias  &#8211; Tomograf\u00eda<\/p>\n","protected":false},"author":4,"featured_media":3332,"comment_status":"open","ping_status":"open","sticky":false,"template":"","format":"standard","meta":{"footnotes":""},"categories":[37],"tags":[],"class_list":["post-3330","post","type-post","status-publish","format-standard","has-post-thumbnail","hentry","category-bio-lencias"],"_links":{"self":[{"href":"https:\/\/claudiaruiz.com\/index.php?rest_route=\/wp\/v2\/posts\/3330"}],"collection":[{"href":"https:\/\/claudiaruiz.com\/index.php?rest_route=\/wp\/v2\/posts"}],"about":[{"href":"https:\/\/claudiaruiz.com\/index.php?rest_route=\/wp\/v2\/types\/post"}],"author":[{"embeddable":true,"href":"https:\/\/claudiaruiz.com\/index.php?rest_route=\/wp\/v2\/users\/4"}],"replies":[{"embeddable":true,"href":"https:\/\/claudiaruiz.com\/index.php?rest_route=%2Fwp%2Fv2%2Fcomments&post=3330"}],"version-history":[{"count":2,"href":"https:\/\/claudiaruiz.com\/index.php?rest_route=\/wp\/v2\/posts\/3330\/revisions"}],"predecessor-version":[{"id":3340,"href":"https:\/\/claudiaruiz.com\/index.php?rest_route=\/wp\/v2\/posts\/3330\/revisions\/3340"}],"wp:featuredmedia":[{"embeddable":true,"href":"https:\/\/claudiaruiz.com\/index.php?rest_route=\/wp\/v2\/media\/3332"}],"wp:attachment":[{"href":"https:\/\/claudiaruiz.com\/index.php?rest_route=%2Fwp%2Fv2%2Fmedia&parent=3330"}],"wp:term":[{"taxonomy":"category","embeddable":true,"href":"https:\/\/claudiaruiz.com\/index.php?rest_route=%2Fwp%2Fv2%2Fcategories&post=3330"},{"taxonomy":"post_tag","embeddable":true,"href":"https:\/\/claudiaruiz.com\/index.php?rest_route=%2Fwp%2Fv2%2Ftags&post=3330"}],"curies":[{"name":"wp","href":"https:\/\/api.w.org\/{rel}","templated":true}]}}